{"id":407,"date":"2025-01-15T14:22:33","date_gmt":"2025-01-15T13:22:33","guid":{"rendered":"https:\/\/adoption-efa01.org\/?p=407"},"modified":"2025-09-07T10:35:39","modified_gmt":"2025-09-07T08:35:39","slug":"journee-de-formation-sur-laccueil-dun-enfant-grand-08-02-2025-de-9h-a-16h30","status":"publish","type":"post","link":"https:\/\/adoption-efa01.org\/index.php\/2025\/01\/15\/journee-de-formation-sur-laccueil-dun-enfant-grand-08-02-2025-de-9h-a-16h30\/","title":{"rendered":"Journ\u00e9e de formation sur l&rsquo;accueil d&rsquo;un enfant grand \u00a0(08\/02\/2025, de 9h \u00e0 16h30)"},"content":{"rendered":"\n<p>EFA 01 vous propose une nouvelle journ\u00e9e de formation sur l&rsquo;accueil d&rsquo;un enfant grand (+ de 3 ans). Cette journ\u00e9e de formation se d\u00e9roulera en pr\u00e9sentiel, \u00e0 la MCC de Bourg-en-Bresse, le samedi 8 f\u00e9vrier 2025 de 9h30 \u00e0 16h30, avec une pause le midi pour un repas sur place*.<\/p>\n\n\n\n<p>Toutes les informations associ\u00e9es ici : <a href=\"https:\/\/adoption-efa01.org\/index.php\/event\/journee-de-formation-sur-laccueil-dun-enfant-grand-08-02-2025\/\">https:\/\/adoption-efa01.org\/index.php\/event\/journee-de-formation-sur-laccueil-dun-enfant-grand-08-02-2025\/<\/a><\/p>\n\n\n\n<p><\/p>\n","protected":false},"excerpt":{"rendered":"<p>EFA 01 vous propose une nouvelle journ\u00e9e de formation sur l&rsquo;accueil d&rsquo;un enfant grand (+ de 3 ans). Cette journ\u00e9e de formation [&hellip;]<\/p>\n","protected":false},"author":3,"featured_media":0,"comment_status":"closed","ping_status":"closed","sticky":false,"template":"","format":"standard","meta":{"_monsterinsights_skip_tracking":false,"_monsterinsights_sitenote_active":false,"_monsterinsights_sitenote_note":"","_monsterinsights_sitenote_category":0,"footnotes":""},"categories":[1],"tags":[],"class_list":["post-407","post","type-post","status-publish","format-standard","hentry","category-evenements-a-venir"],"_links":{"self":[{"href":"https:\/\/adoption-efa01.org\/index.php\/wp-json\/wp\/v2\/posts\/407","targetHints":{"allow":["GET"]}}],"collection":[{"href":"https:\/\/adoption-efa01.org\/index.php\/wp-json\/wp\/v2\/posts"}],"about":[{"href":"https:\/\/adoption-efa01.org\/index.php\/wp-json\/wp\/v2\/types\/post"}],"author":[{"embeddable":true,"href":"https:\/\/adoption-efa01.org\/index.php\/wp-json\/wp\/v2\/users\/3"}],"replies":[{"embeddable":true,"href":"https:\/\/adoption-efa01.org\/index.php\/wp-json\/wp\/v2\/comments?post=407"}],"version-history":[{"count":2,"href":"https:\/\/adoption-efa01.org\/index.php\/wp-json\/wp\/v2\/posts\/407\/revisions"}],"predecessor-version":[{"id":409,"href":"https:\/\/adoption-efa01.org\/index.php\/wp-json\/wp\/v2\/posts\/407\/revisions\/409"}],"wp:attachment":[{"href":"https:\/\/adoption-efa01.org\/index.php\/wp-json\/wp\/v2\/media?parent=407"}],"wp:term":[{"taxonomy":"category","embeddable":true,"href":"https:\/\/adoption-efa01.org\/index.php\/wp-json\/wp\/v2\/categories?post=407"},{"taxonomy":"post_tag","embeddable":true,"href":"https:\/\/adoption-efa01.org\/index.php\/wp-json\/wp\/v2\/tags?post=407"}],"curies":[{"name":"wp","href":"https:\/\/api.w.org\/{rel}","templated":true}]}}