{"id":336,"date":"2024-08-30T14:39:51","date_gmt":"2024-08-30T12:39:51","guid":{"rendered":"https:\/\/adoption-efa01.org\/?p=336"},"modified":"2024-09-28T09:48:21","modified_gmt":"2024-09-28T07:48:21","slug":"pique-nique-annuel-efa-01-08-09-2024","status":"publish","type":"post","link":"https:\/\/adoption-efa01.org\/index.php\/2024\/08\/30\/pique-nique-annuel-efa-01-08-09-2024\/","title":{"rendered":"Pique-Nique Annuel EFA 01 08\/09\/2024"},"content":{"rendered":"\n<figure class=\"wp-block-image size-full is-resized\"><img loading=\"lazy\" decoding=\"async\" width=\"612\" height=\"344\" src=\"https:\/\/adoption-efa01.org\/wp-content\/uploads\/2024\/08\/gettyimages-1179420336-612x612-1-edited.jpg\" alt=\"\" class=\"wp-image-341\" style=\"width:372px;height:auto\" srcset=\"https:\/\/adoption-efa01.org\/wp-content\/uploads\/2024\/08\/gettyimages-1179420336-612x612-1-edited.jpg 612w, https:\/\/adoption-efa01.org\/wp-content\/uploads\/2024\/08\/gettyimages-1179420336-612x612-1-edited-300x169.jpg 300w, https:\/\/adoption-efa01.org\/wp-content\/uploads\/2024\/08\/gettyimages-1179420336-612x612-1-edited-230x129.jpg 230w, https:\/\/adoption-efa01.org\/wp-content\/uploads\/2024\/08\/gettyimages-1179420336-612x612-1-edited-350x197.jpg 350w, https:\/\/adoption-efa01.org\/wp-content\/uploads\/2024\/08\/gettyimages-1179420336-612x612-1-edited-480x270.jpg 480w\" sizes=\"auto, (max-width: 612px) 100vw, 612px\" \/><\/figure>\n\n\n\n<p>Dimanche 8 septembre, EFA01 a le plaisir de vous inviter \u00e0 son traditionnel pique-nique de rentr\u00e9e.<\/p>\n\n\n\n<p>Rejoignez-nous \u00e0 10h au centre social \u00ab\u00a0La Passerelle\u00a0\u00bb \u00e0 chatillon sur Chalaronne.<\/p>\n\n\n\n<p>&#8211; La matin\u00e9e, decouvez 2 temoignages de membres de l&rsquo;association ayant accueilli un enfant r\u00e9cemment.<\/p>\n\n\n\n<p>&#8211; A midi, l&rsquo;ap\u00e9ro sera offert par l&rsquo;association EFA01 et chacun apportera un plat et\/ou un dessert \u00e0 partager.<\/p>\n\n\n\n<p>Nous vous demanderons, s&rsquo;il vous pla\u00eet, d&#8217;emmener vos couverts et vos verres.<\/p>\n\n\n\n<p>Nous vous attendons nombreux. <\/p>\n\n\n\n<p>A bient\u00f4t<\/p>\n\n\n\n<h6 class=\"wp-block-heading\"><em>Centre social \u00ab\u00a0La Passerelle\u00a0\u00bb , Rue des Peupliers, 01400 Ch\u00e2tillon-sur-Chalaronne<\/em><\/h6>\n\n\n","protected":false},"excerpt":{"rendered":"<p>Dimanche 8 septembre, EFA01 a le plaisir de vous inviter \u00e0 son traditionnel pique-nique de rentr\u00e9e. Rejoignez-nous \u00e0 10h au centre social [&hellip;]<\/p>\n","protected":false},"author":3,"featured_media":0,"comment_status":"open","ping_status":"open","sticky":false,"template":"","format":"standard","meta":{"_monsterinsights_skip_tracking":false,"_monsterinsights_sitenote_active":false,"_monsterinsights_sitenote_note":"","_monsterinsights_sitenote_category":0,"footnotes":""},"categories":[1],"tags":[],"class_list":["post-336","post","type-post","status-publish","format-standard","hentry","category-evenements-a-venir"],"_links":{"self":[{"href":"https:\/\/adoption-efa01.org\/index.php\/wp-json\/wp\/v2\/posts\/336","targetHints":{"allow":["GET"]}}],"collection":[{"href":"https:\/\/adoption-efa01.org\/index.php\/wp-json\/wp\/v2\/posts"}],"about":[{"href":"https:\/\/adoption-efa01.org\/index.php\/wp-json\/wp\/v2\/types\/post"}],"author":[{"embeddable":true,"href":"https:\/\/adoption-efa01.org\/index.php\/wp-json\/wp\/v2\/users\/3"}],"replies":[{"embeddable":true,"href":"https:\/\/adoption-efa01.org\/index.php\/wp-json\/wp\/v2\/comments?post=336"}],"version-history":[{"count":5,"href":"https:\/\/adoption-efa01.org\/index.php\/wp-json\/wp\/v2\/posts\/336\/revisions"}],"predecessor-version":[{"id":343,"href":"https:\/\/adoption-efa01.org\/index.php\/wp-json\/wp\/v2\/posts\/336\/revisions\/343"}],"wp:attachment":[{"href":"https:\/\/adoption-efa01.org\/index.php\/wp-json\/wp\/v2\/media?parent=336"}],"wp:term":[{"taxonomy":"category","embeddable":true,"href":"https:\/\/adoption-efa01.org\/index.php\/wp-json\/wp\/v2\/categories?post=336"},{"taxonomy":"post_tag","embeddable":true,"href":"https:\/\/adoption-efa01.org\/index.php\/wp-json\/wp\/v2\/tags?post=336"}],"curies":[{"name":"wp","href":"https:\/\/api.w.org\/{rel}","templated":true}]}}