{"id":315,"date":"2024-06-25T09:07:07","date_gmt":"2024-06-25T07:07:07","guid":{"rendered":"https:\/\/adoption-efa01.org\/?p=315"},"modified":"2025-01-06T13:41:26","modified_gmt":"2025-01-06T12:41:26","slug":"conference-sur-le-theme-mieux-vivre-lattente","status":"publish","type":"post","link":"https:\/\/adoption-efa01.org\/index.php\/2024\/06\/25\/conference-sur-le-theme-mieux-vivre-lattente\/","title":{"rendered":"Conf\u00e9rence sur le th\u00e8me \u00ab\u00a0Mieux vivre l&rsquo;attente\u00a0\u00bb 11\/10\/24"},"content":{"rendered":"\n<p>Venez assister \u00e0 la conf\u00e9rence sur le th\u00e8me \u00ab\u00a0Mieux vivre l&rsquo;attente\u00a0\u00bb, anim\u00e9e par C\u00e9line Moyenin, psychologue. Deux heures d&rsquo;\u00e9changes autour des diff\u00e9rents moyens pour vivre plus sereinement l&rsquo;attente avant un apparentement.<\/p>\n\n\n\n<p>Inscription :<\/p>\n\n\n\n<div class=\"wp-block-brad-border-box\">\t\t\t<iframe\n\t\t\t\tid=\"idIframe\"\n\t\t\t\tsrc=\"https:\/\/www.helloasso.com\/associations\/efa-01\/evenements\/conference-sur-le-theme-vivre-l-attente\/widget\"\n\t\t\t\theight=750px\"\t\t\t\twidth=100%\"\t\t\t\tframeborder=\"0\"\n\t\t\t\tloading=\"lazy\"\n\t\t\t\tallowtransparency=\"true\"\n\t\t\t\tonload=\"resizeIframeMessage()\"><\/iframe>\n<\/div>\n\n\n\n<figure class=\"wp-block-image size-large\"><img loading=\"lazy\" decoding=\"async\" width=\"1024\" height=\"133\" src=\"https:\/\/adoption-efa01.org\/wp-content\/uploads\/2024\/06\/image-1024x133.png\" alt=\"\" class=\"wp-image-318\" srcset=\"https:\/\/adoption-efa01.org\/wp-content\/uploads\/2024\/06\/image-1024x133.png 1024w, https:\/\/adoption-efa01.org\/wp-content\/uploads\/2024\/06\/image-300x39.png 300w, https:\/\/adoption-efa01.org\/wp-content\/uploads\/2024\/06\/image-768x100.png 768w, https:\/\/adoption-efa01.org\/wp-content\/uploads\/2024\/06\/image-1536x200.png 1536w, https:\/\/adoption-efa01.org\/wp-content\/uploads\/2024\/06\/image-1000x130.png 1000w, https:\/\/adoption-efa01.org\/wp-content\/uploads\/2024\/06\/image-230x30.png 230w, https:\/\/adoption-efa01.org\/wp-content\/uploads\/2024\/06\/image-350x46.png 350w, https:\/\/adoption-efa01.org\/wp-content\/uploads\/2024\/06\/image-480x63.png 480w, https:\/\/adoption-efa01.org\/wp-content\/uploads\/2024\/06\/image.png 1920w\" sizes=\"auto, (max-width: 1024px) 100vw, 1024px\" \/><\/figure>\n","protected":false},"excerpt":{"rendered":"<p>Venez assister \u00e0 la conf\u00e9rence sur le th\u00e8me \u00ab\u00a0Mieux vivre l&rsquo;attente\u00a0\u00bb, anim\u00e9e par C\u00e9line Moyenin, psychologue. Deux heures d&rsquo;\u00e9changes autour des diff\u00e9rents [&hellip;]<\/p>\n","protected":false},"author":3,"featured_media":0,"comment_status":"closed","ping_status":"closed","sticky":false,"template":"","format":"standard","meta":{"_monsterinsights_skip_tracking":false,"_monsterinsights_sitenote_active":false,"_monsterinsights_sitenote_note":"","_monsterinsights_sitenote_category":0,"footnotes":""},"categories":[1],"tags":[16,18,17],"class_list":["post-315","post","type-post","status-publish","format-standard","hentry","category-evenements-a-venir","tag-adoption","tag-conference","tag-efa01"],"_links":{"self":[{"href":"https:\/\/adoption-efa01.org\/index.php\/wp-json\/wp\/v2\/posts\/315","targetHints":{"allow":["GET"]}}],"collection":[{"href":"https:\/\/adoption-efa01.org\/index.php\/wp-json\/wp\/v2\/posts"}],"about":[{"href":"https:\/\/adoption-efa01.org\/index.php\/wp-json\/wp\/v2\/types\/post"}],"author":[{"embeddable":true,"href":"https:\/\/adoption-efa01.org\/index.php\/wp-json\/wp\/v2\/users\/3"}],"replies":[{"embeddable":true,"href":"https:\/\/adoption-efa01.org\/index.php\/wp-json\/wp\/v2\/comments?post=315"}],"version-history":[{"count":5,"href":"https:\/\/adoption-efa01.org\/index.php\/wp-json\/wp\/v2\/posts\/315\/revisions"}],"predecessor-version":[{"id":345,"href":"https:\/\/adoption-efa01.org\/index.php\/wp-json\/wp\/v2\/posts\/315\/revisions\/345"}],"wp:attachment":[{"href":"https:\/\/adoption-efa01.org\/index.php\/wp-json\/wp\/v2\/media?parent=315"}],"wp:term":[{"taxonomy":"category","embeddable":true,"href":"https:\/\/adoption-efa01.org\/index.php\/wp-json\/wp\/v2\/categories?post=315"},{"taxonomy":"post_tag","embeddable":true,"href":"https:\/\/adoption-efa01.org\/index.php\/wp-json\/wp\/v2\/tags?post=315"}],"curies":[{"name":"wp","href":"https:\/\/api.w.org\/{rel}","templated":true}]}}