{"id":313,"date":"2024-06-27T09:05:30","date_gmt":"2024-06-27T07:05:30","guid":{"rendered":"https:\/\/adoption-efa01.org\/?p=313"},"modified":"2024-09-28T09:35:04","modified_gmt":"2024-09-28T07:35:04","slug":"journee-de-formation-sur-laccueil-dun-enfant-grand-28-09-24","status":"publish","type":"post","link":"https:\/\/adoption-efa01.org\/index.php\/2024\/06\/27\/journee-de-formation-sur-laccueil-dun-enfant-grand-28-09-24\/","title":{"rendered":"Journ\u00e9e de formation sur l&rsquo;accueil d&rsquo;un enfant grand 28\/09\/24"},"content":{"rendered":"\n<p>Le 28 septembre prochain, EFA 01 vous propose une journ\u00e9e de formation \u00e0 l&rsquo;accueil d&rsquo;un enfant grand (+ de 3 ans). Cette journ\u00e9e de formation se d\u00e9roulera en pr\u00e9sentiel, \u00e0 la MCC de Bourg-en-Bresse, de 9h30 \u00e0 16h00. Cette journ\u00e9e de formation sera anim\u00e9e par G\u00e9raldine Loussel, formatrice, travaillant dans le domaine de la protection de l&rsquo;enfance et de l&rsquo;adoption. Participez \u00e0 cette journ\u00e9e pour en apprendre plus et vous pr\u00e9parer \u00e0 accueillir votre enfant avec tout son v\u00e9cu pr\u00e9-adoption.<\/p>\n\n\n\n<p>lien : <a href=\"https:\/\/www.helloasso.com\/associations\/efa-01\/evenements\/journee-de-formation-sur-l-accueil-d-un-enfant-grand\">https:\/\/www.helloasso.com\/associations\/efa-01\/evenements\/journee-de-formation-sur-l-accueil-d-un-enfant-grand<\/a><\/p>\n\n\n\n<figure class=\"wp-block-image size-large\"><img loading=\"lazy\" decoding=\"async\" width=\"1024\" height=\"133\" src=\"https:\/\/adoption-efa01.org\/wp-content\/uploads\/2024\/06\/image-1-1024x133.png\" alt=\"\" class=\"wp-image-322\" srcset=\"https:\/\/adoption-efa01.org\/wp-content\/uploads\/2024\/06\/image-1-1024x133.png 1024w, https:\/\/adoption-efa01.org\/wp-content\/uploads\/2024\/06\/image-1-300x39.png 300w, https:\/\/adoption-efa01.org\/wp-content\/uploads\/2024\/06\/image-1-768x100.png 768w, https:\/\/adoption-efa01.org\/wp-content\/uploads\/2024\/06\/image-1-1536x200.png 1536w, https:\/\/adoption-efa01.org\/wp-content\/uploads\/2024\/06\/image-1-1000x130.png 1000w, https:\/\/adoption-efa01.org\/wp-content\/uploads\/2024\/06\/image-1-230x30.png 230w, https:\/\/adoption-efa01.org\/wp-content\/uploads\/2024\/06\/image-1-350x46.png 350w, https:\/\/adoption-efa01.org\/wp-content\/uploads\/2024\/06\/image-1-480x63.png 480w, https:\/\/adoption-efa01.org\/wp-content\/uploads\/2024\/06\/image-1.png 1920w\" sizes=\"auto, (max-width: 1024px) 100vw, 1024px\" \/><\/figure>\n","protected":false},"excerpt":{"rendered":"<p>Le 28 septembre prochain, EFA 01 vous propose une journ\u00e9e de formation \u00e0 l&rsquo;accueil d&rsquo;un enfant grand (+ de 3 ans). Cette [&hellip;]<\/p>\n","protected":false},"author":3,"featured_media":0,"comment_status":"closed","ping_status":"closed","sticky":false,"template":"","format":"standard","meta":{"_monsterinsights_skip_tracking":false,"_monsterinsights_sitenote_active":false,"_monsterinsights_sitenote_note":"","_monsterinsights_sitenote_category":0,"footnotes":""},"categories":[1],"tags":[16,17,19],"class_list":["post-313","post","type-post","status-publish","format-standard","hentry","category-evenements-a-venir","tag-adoption","tag-efa01","tag-formation"],"_links":{"self":[{"href":"https:\/\/adoption-efa01.org\/index.php\/wp-json\/wp\/v2\/posts\/313","targetHints":{"allow":["GET"]}}],"collection":[{"href":"https:\/\/adoption-efa01.org\/index.php\/wp-json\/wp\/v2\/posts"}],"about":[{"href":"https:\/\/adoption-efa01.org\/index.php\/wp-json\/wp\/v2\/types\/post"}],"author":[{"embeddable":true,"href":"https:\/\/adoption-efa01.org\/index.php\/wp-json\/wp\/v2\/users\/3"}],"replies":[{"embeddable":true,"href":"https:\/\/adoption-efa01.org\/index.php\/wp-json\/wp\/v2\/comments?post=313"}],"version-history":[{"count":3,"href":"https:\/\/adoption-efa01.org\/index.php\/wp-json\/wp\/v2\/posts\/313\/revisions"}],"predecessor-version":[{"id":323,"href":"https:\/\/adoption-efa01.org\/index.php\/wp-json\/wp\/v2\/posts\/313\/revisions\/323"}],"wp:attachment":[{"href":"https:\/\/adoption-efa01.org\/index.php\/wp-json\/wp\/v2\/media?parent=313"}],"wp:term":[{"taxonomy":"category","embeddable":true,"href":"https:\/\/adoption-efa01.org\/index.php\/wp-json\/wp\/v2\/categories?post=313"},{"taxonomy":"post_tag","embeddable":true,"href":"https:\/\/adoption-efa01.org\/index.php\/wp-json\/wp\/v2\/tags?post=313"}],"curies":[{"name":"wp","href":"https:\/\/api.w.org\/{rel}","templated":true}]}}