{"id":243,"date":"2024-01-08T11:42:37","date_gmt":"2024-01-08T10:42:37","guid":{"rendered":"https:\/\/adoption-efa01.org\/?p=243"},"modified":"2024-06-25T09:10:50","modified_gmt":"2024-06-25T07:10:50","slug":"prochain-cafe-adoption-2","status":"publish","type":"post","link":"https:\/\/adoption-efa01.org\/index.php\/2024\/01\/08\/prochain-cafe-adoption-2\/","title":{"rendered":"Prochain caf\u00e9 adoption le 15 f\u00e9vrier 2024"},"content":{"rendered":"\n<p id=\"block-157818fc-a0ec-4523-abbc-400902ddd60e\"><strong>Jeudi 15 f\u00e9vrier \u00e0 partir de 19h30<\/strong> \u00e0 l&rsquo;UDAF de Bourg en Bresse.<\/p>\n\n\n\n<p>Venez rencontrer les membres de EFA01 et \u00e9changer autour de l&rsquo;adoption. <\/p>\n\n\n\n<p>Que vous soyez en r\u00e9flexion sur votre projet d&rsquo;adoption, postulant.e agr\u00e9\u00e9.e.s, en cours d&rsquo;agr\u00e9ment, apparent\u00e9.e.s cet espace d&rsquo;\u00e9change bienveillant vous est ouvert.<\/p>\n\n\n\n<p id=\"block-17beceab-fbd9-420a-bdbf-d6de5d94c107\">&nbsp;Inscription obligatoire&nbsp;via HelloAsso en cliquant sur le lien ci-dessous :<\/p>\n\n\n\n<p><a href=\"https:\/\/www.helloasso.com\/associations\/efa-01\">https:\/\/www.helloasso.com\/associations\/efa-01<\/a><\/p>\n\n\n\n<p id=\"block-fba6ca6b-6fd6-4b5a-aed8-b378d875fc6c\">Afin de privil\u00e9gier l&rsquo;engagement de nos adh\u00e9rents et de compenser le co\u00fbt de ces rencontres (location de la salle) nous instaurons cette ann\u00e9e&nbsp;<strong>un prix de 5\u20ac pour les personnes non adh\u00e9rentes<\/strong>&nbsp;(la 1\u00e8re rencontre reste gratuite !).<\/p>\n","protected":false},"excerpt":{"rendered":"<p>Jeudi 15 f\u00e9vrier \u00e0 partir de 19h30 \u00e0 l&rsquo;UDAF de Bourg en Bresse. Venez rencontrer les membres de EFA01 et \u00e9changer autour [&hellip;]<\/p>\n","protected":false},"author":3,"featured_media":210,"comment_status":"closed","ping_status":"closed","sticky":false,"template":"","format":"standard","meta":{"_monsterinsights_skip_tracking":false,"_monsterinsights_sitenote_active":false,"_monsterinsights_sitenote_note":"","_monsterinsights_sitenote_category":0,"footnotes":""},"categories":[1],"tags":[],"class_list":["post-243","post","type-post","status-publish","format-standard","has-post-thumbnail","hentry","category-evenements-a-venir"],"_links":{"self":[{"href":"https:\/\/adoption-efa01.org\/index.php\/wp-json\/wp\/v2\/posts\/243","targetHints":{"allow":["GET"]}}],"collection":[{"href":"https:\/\/adoption-efa01.org\/index.php\/wp-json\/wp\/v2\/posts"}],"about":[{"href":"https:\/\/adoption-efa01.org\/index.php\/wp-json\/wp\/v2\/types\/post"}],"author":[{"embeddable":true,"href":"https:\/\/adoption-efa01.org\/index.php\/wp-json\/wp\/v2\/users\/3"}],"replies":[{"embeddable":true,"href":"https:\/\/adoption-efa01.org\/index.php\/wp-json\/wp\/v2\/comments?post=243"}],"version-history":[{"count":6,"href":"https:\/\/adoption-efa01.org\/index.php\/wp-json\/wp\/v2\/posts\/243\/revisions"}],"predecessor-version":[{"id":282,"href":"https:\/\/adoption-efa01.org\/index.php\/wp-json\/wp\/v2\/posts\/243\/revisions\/282"}],"wp:featuredmedia":[{"embeddable":true,"href":"https:\/\/adoption-efa01.org\/index.php\/wp-json\/wp\/v2\/media\/210"}],"wp:attachment":[{"href":"https:\/\/adoption-efa01.org\/index.php\/wp-json\/wp\/v2\/media?parent=243"}],"wp:term":[{"taxonomy":"category","embeddable":true,"href":"https:\/\/adoption-efa01.org\/index.php\/wp-json\/wp\/v2\/categories?post=243"},{"taxonomy":"post_tag","embeddable":true,"href":"https:\/\/adoption-efa01.org\/index.php\/wp-json\/wp\/v2\/tags?post=243"}],"curies":[{"name":"wp","href":"https:\/\/api.w.org\/{rel}","templated":true}]}}