{"id":203,"date":"2023-03-16T20:19:36","date_gmt":"2023-03-16T19:19:36","guid":{"rendered":"https:\/\/adoption-efa01.org\/?p=203"},"modified":"2024-04-05T15:02:29","modified_gmt":"2024-04-05T13:02:29","slug":"prochain-cafe-adoption","status":"publish","type":"post","link":"https:\/\/adoption-efa01.org\/index.php\/2023\/03\/16\/prochain-cafe-adoption\/","title":{"rendered":"Prochain caf\u00e9 adoption"},"content":{"rendered":"\n<p><strong>Samedi 13 mai 2023, de 10h \u00e0 12h<\/strong> \u00e0 l&rsquo;UDAF de Bourg en Bresse.<\/p>\n\n\n\n<p>Que vous soyez au tout d\u00e9but d&rsquo;une r\u00e9flexion, en cours de constitution de dossier ou dans l&rsquo;attente d&rsquo;un apparentement, venez partager des discussions enrichissantes autour de l&rsquo;adoption avec les b\u00e9n\u00e9voles d&rsquo;EFA 01 et Madame Moyenin la psychologue qui accompagne depuis plusieurs ann\u00e9es l&rsquo;Association.<\/p>\n\n\n\n<p>Ce sera l&rsquo;occasion d&rsquo;\u00e9changer sur votre parcours et de poser toutes vos questions.<\/p>\n\n\n\n<p>&nbsp;Inscription obligatoire&nbsp;via HelloAsso en cliquant sur le lien ci-dessous :<\/p>\n\n\n\n<p><a href=\"https:\/\/www.helloasso.com\/associations\/efa-01\/evenements\/cafe-adoption-13-mai-2023\">https:\/\/www.helloasso.com\/associations\/efa-01\/evenements\/cafe-adoption-13-mai-2023<\/a><\/p>\n\n\n\n<p>Afin de privil\u00e9gier l&rsquo;engagement de nos adh\u00e9rents et de compenser le co\u00fbt de ces rencontres (location de la salle, salaire de Mme Moyenin, psychologue)&nbsp;nous instaurons cette ann\u00e9e&nbsp;<strong>un prix de 5\u20ac pour les personnes non adh\u00e9rentes<\/strong>&nbsp;(la 1\u00e8re rencontre reste gratuite !).<\/p>\n","protected":false},"excerpt":{"rendered":"<p>Samedi 13 mai 2023, de 10h \u00e0 12h \u00e0 l&rsquo;UDAF de Bourg en Bresse. Que vous soyez au tout d\u00e9but d&rsquo;une r\u00e9flexion, [&hellip;]<\/p>\n","protected":false},"author":3,"featured_media":210,"comment_status":"closed","ping_status":"closed","sticky":false,"template":"","format":"standard","meta":{"_monsterinsights_skip_tracking":false,"_monsterinsights_sitenote_active":false,"_monsterinsights_sitenote_note":"","_monsterinsights_sitenote_category":0,"footnotes":""},"categories":[1],"tags":[],"class_list":["post-203","post","type-post","status-publish","format-standard","has-post-thumbnail","hentry","category-evenements-a-venir"],"_links":{"self":[{"href":"https:\/\/adoption-efa01.org\/index.php\/wp-json\/wp\/v2\/posts\/203","targetHints":{"allow":["GET"]}}],"collection":[{"href":"https:\/\/adoption-efa01.org\/index.php\/wp-json\/wp\/v2\/posts"}],"about":[{"href":"https:\/\/adoption-efa01.org\/index.php\/wp-json\/wp\/v2\/types\/post"}],"author":[{"embeddable":true,"href":"https:\/\/adoption-efa01.org\/index.php\/wp-json\/wp\/v2\/users\/3"}],"replies":[{"embeddable":true,"href":"https:\/\/adoption-efa01.org\/index.php\/wp-json\/wp\/v2\/comments?post=203"}],"version-history":[{"count":8,"href":"https:\/\/adoption-efa01.org\/index.php\/wp-json\/wp\/v2\/posts\/203\/revisions"}],"predecessor-version":[{"id":218,"href":"https:\/\/adoption-efa01.org\/index.php\/wp-json\/wp\/v2\/posts\/203\/revisions\/218"}],"wp:featuredmedia":[{"embeddable":true,"href":"https:\/\/adoption-efa01.org\/index.php\/wp-json\/wp\/v2\/media\/210"}],"wp:attachment":[{"href":"https:\/\/adoption-efa01.org\/index.php\/wp-json\/wp\/v2\/media?parent=203"}],"wp:term":[{"taxonomy":"category","embeddable":true,"href":"https:\/\/adoption-efa01.org\/index.php\/wp-json\/wp\/v2\/categories?post=203"},{"taxonomy":"post_tag","embeddable":true,"href":"https:\/\/adoption-efa01.org\/index.php\/wp-json\/wp\/v2\/tags?post=203"}],"curies":[{"name":"wp","href":"https:\/\/api.w.org\/{rel}","templated":true}]}}